{"id":270,"date":"2018-08-07T22:06:20","date_gmt":"2018-08-07T20:06:20","guid":{"rendered":"https:\/\/wolfgang-wasser.de\/?p=270"},"modified":"2019-12-02T14:48:19","modified_gmt":"2019-12-02T13:48:19","slug":"projekte-der-letzten-jahre","status":"publish","type":"post","link":"https:\/\/wolfgang-wasser.de\/?p=270","title":{"rendered":"Projekte der letzten Jahre"},"content":{"rendered":"<h4><strong>chronologische \u00dcbersicht einiger Projekte der letzten Jahre<br \/>\n<\/strong><\/h4>\n<p>* 2012\/13:\u00a0<strong>\u201e<\/strong><strong>Unter dem Wesentlichen versteht jeder wat anderes &#8211; Wolfgang Wasser liest Hanns Dieter H\u00fcsch und Eigenes&#8220;<\/strong> (Auftritte im Saal des W\u00f6llnerstifts in R\u00f6srath-Hoffnungsthal, im R\u00f6srather Schloss Eulenbroich und in der Porz-Z\u00fcndorfer Kulturkapelle)<\/p>\n<p>* 2015: Im Rahmen der Veranstaltungsreihe &#8222;Freitags im Freibad&#8220; der Stadtwerke R\u00f6srath das erste Programm mit ausschlie\u00dflich eigenen Texten: <strong>&#8222;Wasser im Freibad&#8220;<\/strong><\/p>\n<p>* April 2016: Premiere des Programms<strong> <strong>\u201e<\/strong>Wasserwerke&#8220;<\/strong> in Schloss Eulenbroich<\/p>\n<p>* November 2016:Mitgestaltung eines <strong>Gottesdienstes in der ev. Kirche Duisburg-Hochheide mit Texten von Hanns Dieter H\u00fcsch<\/strong><\/p>\n<p>* September 2017: Neues Programm <strong>\u201e<\/strong><strong>Wieder Wasser im Freibad&#8220;<\/strong> &#8211; aus Witterungsgr\u00fcnden in der Tanzwerkstatt von Schloss Eulenbroich<\/p>\n<p>* Januar 2018 Lesung in der Buchhandlung &#8222;Till Eulenspiegel&#8220; in R\u00f6srath-Hoffnungsthal mit <strong>Texten von Hanns Dieter H\u00fcsch<\/strong>.<\/p>\n<p>* September 2018 <strong>\u201e<\/strong><strong>Wasserwerke<\/strong>&#8222;, Lesung im Spiegelsaal von Schloss Merten(Eitorf)<\/p>\n<p>* Dezember 2018 Lesung aus<strong> \u201eWasserwerke\u201c<\/strong> beim Geschichtsverein R\u00f6srath<\/p>\n<p>* M\u00e4rz 2019 Lesung aus <strong>\u201eWasserwerke\u201c<\/strong> in Haan\/Rheinland. Auf Einladung des Seniorennetzwerks<br \/>\n\u201eWir sind Haan\u201c<\/p>\n<p>* Juni 2019 Rezitation von<strong> H\u00fcsch-Texte<\/strong>n im Rahmen des <strong>Kirchenkonzertes \u201eIch bin vergn\u00fcgt, erl\u00f6st, befreit<\/strong>\u201c mit drei Ch\u00f6ren und Orgel in der St.-Nikolaus-Kirche in R\u00f6srath<\/p>\n<p>* 02.10.2019 Lesung mit bekannten und neuen Texten aus <strong>\u201eWasserwerke\u201c<\/strong> beim Kulturverein Schloss Eulenbroich in R\u00f6srath mit <strong>Vorstellung meines Buches &#8222;Wat is dat Wesentliche?&#8220;<br \/>\n<\/strong><\/p>\n<p>* 05.10.2019 Lesung aus meinem Buch <strong>\u201eWat is dat Wesentliche?&#8220;<\/strong> im Rahmen der Feier zum 40-j\u00e4hrigen Bestehen des Bergischen Geschichtsvereins Overath im Kulturbahnhof Overath.<\/p>\n<p>* 23.11.2019 Lesung aus meinem Buch <strong>&#8222;Wat is dat Wesentliche?&#8220;\u00a0 <\/strong>im <strong>Kunstkabinett in Reichshof-Hespert; im Rahmen der Ausstellung Mary Bauermeister<\/strong><\/p>\n","protected":false},"excerpt":{"rendered":"<p>chronologische \u00dcbersicht einiger Projekte der letzten Jahre * 2012\/13:\u00a0\u201eUnter dem Wesentlichen versteht jeder wat anderes &#8211; Wolfgang Wasser liest Hanns Dieter H\u00fcsch und Eigenes&#8220; (Auftritte im Saal des W\u00f6llnerstifts in R\u00f6srath-Hoffnungsthal, im R\u00f6srather Schloss Eulenbroich und in der Porz-Z\u00fcndorfer Kulturkapelle) * 2015: Im Rahmen der Veranstaltungsreihe &#8222;Freitags im Freibad&#8220; der Stadtwerke R\u00f6srath das erste Programm [&hellip;]<\/p>\n","protected":false},"author":2,"featured_media":0,"comment_status":"closed","ping_status":"open","sticky":false,"template":"","format":"standard","meta":[],"categories":[10],"tags":[12,11],"_links":{"self":[{"href":"https:\/\/wolfgang-wasser.de\/index.php?rest_route=\/wp\/v2\/posts\/270"}],"collection":[{"href":"https:\/\/wolfgang-wasser.de\/index.php?rest_route=\/wp\/v2\/posts"}],"about":[{"href":"https:\/\/wolfgang-wasser.de\/index.php?rest_route=\/wp\/v2\/types\/post"}],"author":[{"embeddable":true,"href":"https:\/\/wolfgang-wasser.de\/index.php?rest_route=\/wp\/v2\/users\/2"}],"replies":[{"embeddable":true,"href":"https:\/\/wolfgang-wasser.de\/index.php?rest_route=%2Fwp%2Fv2%2Fcomments&post=270"}],"version-history":[{"count":6,"href":"https:\/\/wolfgang-wasser.de\/index.php?rest_route=\/wp\/v2\/posts\/270\/revisions"}],"predecessor-version":[{"id":302,"href":"https:\/\/wolfgang-wasser.de\/index.php?rest_route=\/wp\/v2\/posts\/270\/revisions\/302"}],"wp:attachment":[{"href":"https:\/\/wolfgang-wasser.de\/index.php?rest_route=%2Fwp%2Fv2%2Fmedia&parent=270"}],"wp:term":[{"taxonomy":"category","embeddable":true,"href":"https:\/\/wolfgang-wasser.de\/index.php?rest_route=%2Fwp%2Fv2%2Fcategories&post=270"},{"taxonomy":"post_tag","embeddable":true,"href":"https:\/\/wolfgang-wasser.de\/index.php?rest_route=%2Fwp%2Fv2%2Ftags&post=270"}],"curies":[{"name":"wp","href":"https:\/\/api.w.org\/{rel}","templated":true}]}}